{"id":7315,"date":"2025-09-22T14:14:20","date_gmt":"2025-09-22T12:14:20","guid":{"rendered":"https:\/\/www.comena.dz\/?p=7315"},"modified":"2025-09-22T14:24:55","modified_gmt":"2025-09-22T12:24:55","slug":"lancement-de-la-premiere-formation-post-graduee-en-radiopharmacie-annee-universitaire-2025-2026-premier-programme-national-de-master-professionnalisant-en-partenariat-entre-liagn-co","status":"publish","type":"post","link":"https:\/\/www.comena.dz\/?p=7315","title":{"rendered":"Lancement de la premi\u00e8re formation post-gradu\u00e9e en radiopharmacie (ann\u00e9e universitaire 2025-2026)\u00a0: Premier programme national de master professionnalisant en partenariat entre l\u2019IAGN- COMENA et la facult\u00e9 de pharmacie-universit\u00e9 des sciences de la sant\u00e9 d\u2019Alger."},"content":{"rendered":"\n<figure class=\"wp-block-gallery has-nested-images columns-2 is-cropped wp-block-gallery-1 is-layout-flex wp-block-gallery-is-layout-flex\">\n<figure class=\"wp-block-image size-full\"><img fetchpriority=\"high\" decoding=\"async\" width=\"859\" height=\"483\" data-id=\"7338\" src=\"https:\/\/www.comena.dz\/wp-content\/uploads\/2025\/09\/formation-post-graduee-en-radiopharmacie-comena-iagn_2-4.jpg\" alt=\"\" class=\"wp-image-7338\"\/><\/figure>\n\n\n\n<figure class=\"wp-block-image size-full\"><img decoding=\"async\" width=\"859\" height=\"483\" data-id=\"7316\" src=\"https:\/\/www.comena.dz\/wp-content\/uploads\/2025\/09\/formation-post-graduee-en-radiopharmacie-comena-iagn_3.jpg\" alt=\"\" class=\"wp-image-7316\"\/><\/figure>\n\n\n\n<figure class=\"wp-block-image size-full\"><img decoding=\"async\" width=\"859\" height=\"483\" data-id=\"7318\" src=\"https:\/\/www.comena.dz\/wp-content\/uploads\/2025\/09\/formation-post-graduee-en-radiopharmacie-comena-iagn_4.jpg\" alt=\"\" class=\"wp-image-7318\"\/><\/figure>\n\n\n\n<figure class=\"wp-block-image size-full\"><img loading=\"lazy\" decoding=\"async\" width=\"859\" height=\"483\" data-id=\"7317\" src=\"https:\/\/www.comena.dz\/wp-content\/uploads\/2025\/09\/formation-post-graduee-en-radiopharmacie-comena-iagn_5.jpg\" alt=\"\" class=\"wp-image-7317\"\/><\/figure>\n\n\n\n<figure class=\"wp-block-image size-full\"><img loading=\"lazy\" decoding=\"async\" width=\"859\" height=\"483\" data-id=\"7319\" src=\"https:\/\/www.comena.dz\/wp-content\/uploads\/2025\/09\/formation-post-graduee-en-radiopharmacie-comena-iagn_1.jpg\" alt=\"\" class=\"wp-image-7319\"\/><\/figure>\n<\/figure>\n\n\n\n<div style=\"height:30px\" aria-hidden=\"true\" class=\"wp-block-spacer\"><\/div>\n\n\n\n<p>Dans le cadre de la mise en \u0153uvre de la feuille de route \u00e9labor\u00e9e par le groupe de travail intersectoriel (GTI) charg\u00e9 \u00ab <em>d\u2019\u00e9laborer une feuille de route renfermant des propositions concr\u00e8tes \u00e0 m\u00eame de r\u00e9pondre aux besoins des secteurs de la sant\u00e9 et de l\u2019industrie pharmaceutique, notamment dans les domaines de la radioth\u00e9rapie et la m\u00e9decine nucl\u00e9aire <\/em>\u00bb, une \u00e9troite coordination des activit\u00e9s a \u00e9t\u00e9 men\u00e9e par le commissariat \u00e0 l\u2019\u00e9nergie atomique (COMENA) avec l\u2019universit\u00e9 des sciences de la sant\u00e9 &nbsp;d\u2019Alger et l\u2019institut alg\u00e9rien de formation en g\u00e9nie nucl\u00e9aire (IAGN\/COMENA) avec la facult\u00e9 de pharmacie de l\u2019universit\u00e9 des sciences de la sant\u00e9 &nbsp;d\u2019Alger, aboutissant \u00e0 l\u2019\u00e9laboration conjointe&nbsp; du premier programme p\u00e9dagogique national du master de radiopharmacie, conforme au programme harmonis\u00e9 international adopt\u00e9 par l\u2019AFRA \u2013 AIEA.<\/p>\n\n\n\n<p>Ce nouveau potentiel de comp\u00e9tences est destin\u00e9 \u00e0 compl\u00e9ter et renforcer la pratique efficace et s\u00fbre de la m\u00e9decine nucl\u00e9aire, actuellement en plein essor dans les services publics et priv\u00e9s nationaux. &nbsp;&nbsp;<\/p>\n\n\n\n<p>L\u2019arr\u00eat\u00e9 n<sup>o<\/sup> 786 du 31 ao\u00fbt 2025, portant habilitation des \u00e9tablissements de l\u2019enseignement sup\u00e9rieur \u00e0 assurer, avec leurs partenaires, des formations en vue de l\u2019obtention, <em>en particulier<\/em>, du master en radiopharmacie au titre de l\u2019ann\u00e9e universitaire 2025-2026, a \u00e9t\u00e9 publi\u00e9.&nbsp;<\/p>\n\n\n\n<p>Le comit\u00e9 p\u00e9dagogique conjoint de formation, en charge de l\u2019encadrement du premier semestre, a tenu sa premi\u00e8re r\u00e9union, le mercredi 17 septembre 2025. &nbsp;<\/p>\n","protected":false},"excerpt":{"rendered":"<p>Dans le cadre de la mise en \u0153uvre de la feuille de route \u00e9labor\u00e9e par le groupe de travail intersectoriel<\/p>\n","protected":false},"author":1,"featured_media":7336,"comment_status":"closed","ping_status":"closed","sticky":false,"template":"","format":"standard","meta":{"_uag_custom_page_level_css":"","ub_ctt_via":"","site-sidebar-layout":"default","site-content-layout":"","ast-site-content-layout":"","site-content-style":"default","site-sidebar-style":"default","ast-global-header-display":"","ast-banner-title-visibility":"","ast-main-header-display":"","ast-hfb-above-header-display":"","ast-hfb-below-header-display":"","ast-hfb-mobile-header-display":"","site-post-title":"","ast-breadcrumbs-content":"","ast-featured-img":"","footer-sml-layout":"","theme-transparent-header-meta":"","adv-header-id-meta":"","stick-header-meta":"","header-above-stick-meta":"","header-main-stick-meta":"","header-below-stick-meta":"","astra-migrate-meta-layouts":"default","ast-page-background-enabled":"default","ast-page-background-meta":{"desktop":{"background-color":"var(--ast-global-color-4)","background-image":"","background-repeat":"repeat","background-position":"center center","background-size":"auto","background-attachment":"scroll","background-type":"","background-media":"","overlay-type":"","overlay-color":"","overlay-opacity":"","overlay-gradient":""},"tablet":{"background-color":"","background-image":"","background-repeat":"repeat","background-position":"center center","background-size":"auto","background-attachment":"scroll","background-type":"","background-media":"","overlay-type":"","overlay-color":"","overlay-opacity":"","overlay-gradient":""},"mobile":{"background-color":"","background-image":"","background-repeat":"repeat","background-position":"center center","background-size":"auto","background-attachment":"scroll","background-type":"","background-media":"","overlay-type":"","overlay-color":"","overlay-opacity":"","overlay-gradient":""}},"ast-content-background-meta":{"desktop":{"background-color":"var(--ast-global-color-5)","background-image":"","background-repeat":"repeat","background-position":"center center","background-size":"auto","background-attachment":"scroll","background-type":"","background-media":"","overlay-type":"","overlay-color":"","overlay-opacity":"","overlay-gradient":""},"tablet":{"background-color":"var(--ast-global-color-5)","background-image":"","background-repeat":"repeat","background-position":"center center","background-size":"auto","background-attachment":"scroll","background-type":"","background-media":"","overlay-type":"","overlay-color":"","overlay-opacity":"","overlay-gradient":""},"mobile":{"background-color":"var(--ast-global-color-5)","background-image":"","background-repeat":"repeat","background-position":"center center","background-size":"auto","background-attachment":"scroll","background-type":"","background-media":"","overlay-type":"","overlay-color":"","overlay-opacity":"","overlay-gradient":""}},"footnotes":""},"categories":[1],"tags":[],"class_list":["post-7315","post","type-post","status-publish","format-standard","has-post-thumbnail","hentry","category-infos-fr"],"featured_image_src":"https:\/\/www.comena.dz\/wp-content\/uploads\/2025\/09\/formation-post-graduee-en-radiopharmacie-comena-iagn_2-3.jpg","author_info":{"display_name":"admin","author_link":"https:\/\/www.comena.dz\/?author=1"},"yoast_head":"<!-- This site is optimized with the Yoast SEO plugin v24.6 - https:\/\/yoast.com\/wordpress\/plugins\/seo\/ -->\n<title>Lancement de la premi\u00e8re formation post-gradu\u00e9e en radiopharmacie (ann\u00e9e universitaire 2025-2026)\u00a0: Premier programme national de master professionnalisant en partenariat entre l\u2019IAGN- COMENA et la facult\u00e9 de pharmacie-universit\u00e9 des sciences de la sant\u00e9 d\u2019Alger. - Commissariat \u00e0 l&#039;Energie Atomique<\/title>\n<meta name=\"robots\" content=\"index, follow, max-snippet:-1, max-image-preview:large, max-video-preview:-1\" \/>\n<link rel=\"canonical\" href=\"https:\/\/www.comena.dz\/?p=7315\" \/>\n<meta property=\"og:locale\" content=\"fr_FR\" \/>\n<meta property=\"og:type\" content=\"article\" \/>\n<meta property=\"og:title\" content=\"Lancement de la premi\u00e8re formation post-gradu\u00e9e en radiopharmacie (ann\u00e9e universitaire 2025-2026)\u00a0: Premier programme national de master professionnalisant en partenariat entre l\u2019IAGN- COMENA et la facult\u00e9 de pharmacie-universit\u00e9 des sciences de la sant\u00e9 d\u2019Alger. - Commissariat \u00e0 l&#039;Energie Atomique\" \/>\n<meta property=\"og:description\" content=\"Dans le cadre de la mise en \u0153uvre de la feuille de route \u00e9labor\u00e9e par le groupe de travail intersectoriel\" \/>\n<meta property=\"og:url\" content=\"https:\/\/www.comena.dz\/?p=7315\" \/>\n<meta property=\"og:site_name\" content=\"Commissariat \u00e0 l&#039;Energie Atomique\" \/>\n<meta property=\"article:published_time\" content=\"2025-09-22T12:14:20+00:00\" \/>\n<meta property=\"article:modified_time\" content=\"2025-09-22T12:24:55+00:00\" \/>\n<meta property=\"og:image\" content=\"https:\/\/www.comena.dz\/wp-content\/uploads\/2025\/09\/formation-post-graduee-en-radiopharmacie-comena-iagn_2-3.jpg\" \/>\n\t<meta property=\"og:image:width\" content=\"859\" \/>\n\t<meta property=\"og:image:height\" content=\"483\" \/>\n\t<meta property=\"og:image:type\" content=\"image\/jpeg\" \/>\n<meta name=\"author\" content=\"admin\" \/>\n<meta name=\"twitter:card\" content=\"summary_large_image\" \/>\n<meta name=\"twitter:label1\" content=\"\u00c9crit par\" \/>\n\t<meta name=\"twitter:data1\" content=\"admin\" \/>\n\t<meta name=\"twitter:label2\" content=\"Dur\u00e9e de lecture estim\u00e9e\" \/>\n\t<meta name=\"twitter:data2\" content=\"3 minutes\" \/>\n<script type=\"application\/ld+json\" class=\"yoast-schema-graph\">{\"@context\":\"https:\/\/schema.org\",\"@graph\":[{\"@type\":\"WebPage\",\"@id\":\"https:\/\/www.comena.dz\/?p=7315\",\"url\":\"https:\/\/www.comena.dz\/?p=7315\",\"name\":\"Lancement de la premi\u00e8re formation post-gradu\u00e9e en radiopharmacie (ann\u00e9e universitaire 2025-2026)\u00a0: Premier programme national de master professionnalisant en partenariat entre l\u2019IAGN- COMENA et la facult\u00e9 de pharmacie-universit\u00e9 des sciences de la sant\u00e9 d\u2019Alger. - Commissariat \u00e0 l&#039;Energie Atomique\",\"isPartOf\":{\"@id\":\"https:\/\/www.comena.dz\/#website\"},\"primaryImageOfPage\":{\"@id\":\"https:\/\/www.comena.dz\/?p=7315#primaryimage\"},\"image\":{\"@id\":\"https:\/\/www.comena.dz\/?p=7315#primaryimage\"},\"thumbnailUrl\":\"https:\/\/www.comena.dz\/wp-content\/uploads\/2025\/09\/formation-post-graduee-en-radiopharmacie-comena-iagn_2-3.jpg\",\"datePublished\":\"2025-09-22T12:14:20+00:00\",\"dateModified\":\"2025-09-22T12:24:55+00:00\",\"author\":{\"@id\":\"https:\/\/www.comena.dz\/#\/schema\/person\/ce9cb0d817dcead7bbaafd7e058da255\"},\"breadcrumb\":{\"@id\":\"https:\/\/www.comena.dz\/?p=7315#breadcrumb\"},\"inLanguage\":\"fr-FR\",\"potentialAction\":[{\"@type\":\"ReadAction\",\"target\":[\"https:\/\/www.comena.dz\/?p=7315\"]}]},{\"@type\":\"ImageObject\",\"inLanguage\":\"fr-FR\",\"@id\":\"https:\/\/www.comena.dz\/?p=7315#primaryimage\",\"url\":\"https:\/\/www.comena.dz\/wp-content\/uploads\/2025\/09\/formation-post-graduee-en-radiopharmacie-comena-iagn_2-3.jpg\",\"contentUrl\":\"https:\/\/www.comena.dz\/wp-content\/uploads\/2025\/09\/formation-post-graduee-en-radiopharmacie-comena-iagn_2-3.jpg\",\"width\":859,\"height\":483},{\"@type\":\"BreadcrumbList\",\"@id\":\"https:\/\/www.comena.dz\/?p=7315#breadcrumb\",\"itemListElement\":[{\"@type\":\"ListItem\",\"position\":1,\"name\":\"Accueil\",\"item\":\"https:\/\/www.comena.dz\/\"},{\"@type\":\"ListItem\",\"position\":2,\"name\":\"Lancement de la premi\u00e8re formation post-gradu\u00e9e en radiopharmacie (ann\u00e9e universitaire 2025-2026)\u00a0: Premier programme national de master professionnalisant en partenariat entre l\u2019IAGN- COMENA et la facult\u00e9 de pharmacie-universit\u00e9 des sciences de la sant\u00e9 d\u2019Alger.\"}]},{\"@type\":\"WebSite\",\"@id\":\"https:\/\/www.comena.dz\/#website\",\"url\":\"https:\/\/www.comena.dz\/\",\"name\":\"Commissariat \u00e0 l&#039;Energie Atomique\",\"description\":\"\",\"potentialAction\":[{\"@type\":\"SearchAction\",\"target\":{\"@type\":\"EntryPoint\",\"urlTemplate\":\"https:\/\/www.comena.dz\/?s={search_term_string}\"},\"query-input\":{\"@type\":\"PropertyValueSpecification\",\"valueRequired\":true,\"valueName\":\"search_term_string\"}}],\"inLanguage\":\"fr-FR\"},{\"@type\":\"Person\",\"@id\":\"https:\/\/www.comena.dz\/#\/schema\/person\/ce9cb0d817dcead7bbaafd7e058da255\",\"name\":\"admin\",\"image\":{\"@type\":\"ImageObject\",\"inLanguage\":\"fr-FR\",\"@id\":\"https:\/\/www.comena.dz\/#\/schema\/person\/image\/\",\"url\":\"https:\/\/secure.gravatar.com\/avatar\/66a2eeea159bc4e5788848e909cd0a93f0047611ee8ffeefebde600e3a495234?s=96&d=mm&r=g\",\"contentUrl\":\"https:\/\/secure.gravatar.com\/avatar\/66a2eeea159bc4e5788848e909cd0a93f0047611ee8ffeefebde600e3a495234?s=96&d=mm&r=g\",\"caption\":\"admin\"},\"sameAs\":[\"http:\/\/localhost\/comena\"],\"url\":\"https:\/\/www.comena.dz\/?author=1\"}]}<\/script>\n<!-- \/ Yoast SEO plugin. -->","yoast_head_json":{"title":"Lancement de la premi\u00e8re formation post-gradu\u00e9e en radiopharmacie (ann\u00e9e universitaire 2025-2026)\u00a0: Premier programme national de master professionnalisant en partenariat entre l\u2019IAGN- COMENA et la facult\u00e9 de pharmacie-universit\u00e9 des sciences de la sant\u00e9 d\u2019Alger. - Commissariat \u00e0 l&#039;Energie Atomique","robots":{"index":"index","follow":"follow","max-snippet":"max-snippet:-1","max-image-preview":"max-image-preview:large","max-video-preview":"max-video-preview:-1"},"canonical":"https:\/\/www.comena.dz\/?p=7315","og_locale":"fr_FR","og_type":"article","og_title":"Lancement de la premi\u00e8re formation post-gradu\u00e9e en radiopharmacie (ann\u00e9e universitaire 2025-2026)\u00a0: Premier programme national de master professionnalisant en partenariat entre l\u2019IAGN- COMENA et la facult\u00e9 de pharmacie-universit\u00e9 des sciences de la sant\u00e9 d\u2019Alger. - Commissariat \u00e0 l&#039;Energie Atomique","og_description":"Dans le cadre de la mise en \u0153uvre de la feuille de route \u00e9labor\u00e9e par le groupe de travail intersectoriel","og_url":"https:\/\/www.comena.dz\/?p=7315","og_site_name":"Commissariat \u00e0 l&#039;Energie Atomique","article_published_time":"2025-09-22T12:14:20+00:00","article_modified_time":"2025-09-22T12:24:55+00:00","og_image":[{"width":859,"height":483,"url":"https:\/\/www.comena.dz\/wp-content\/uploads\/2025\/09\/formation-post-graduee-en-radiopharmacie-comena-iagn_2-3.jpg","type":"image\/jpeg"}],"author":"admin","twitter_card":"summary_large_image","twitter_misc":{"\u00c9crit par":"admin","Dur\u00e9e de lecture estim\u00e9e":"3 minutes"},"schema":{"@context":"https:\/\/schema.org","@graph":[{"@type":"WebPage","@id":"https:\/\/www.comena.dz\/?p=7315","url":"https:\/\/www.comena.dz\/?p=7315","name":"Lancement de la premi\u00e8re formation post-gradu\u00e9e en radiopharmacie (ann\u00e9e universitaire 2025-2026)\u00a0: Premier programme national de master professionnalisant en partenariat entre l\u2019IAGN- COMENA et la facult\u00e9 de pharmacie-universit\u00e9 des sciences de la sant\u00e9 d\u2019Alger. - Commissariat \u00e0 l&#039;Energie Atomique","isPartOf":{"@id":"https:\/\/www.comena.dz\/#website"},"primaryImageOfPage":{"@id":"https:\/\/www.comena.dz\/?p=7315#primaryimage"},"image":{"@id":"https:\/\/www.comena.dz\/?p=7315#primaryimage"},"thumbnailUrl":"https:\/\/www.comena.dz\/wp-content\/uploads\/2025\/09\/formation-post-graduee-en-radiopharmacie-comena-iagn_2-3.jpg","datePublished":"2025-09-22T12:14:20+00:00","dateModified":"2025-09-22T12:24:55+00:00","author":{"@id":"https:\/\/www.comena.dz\/#\/schema\/person\/ce9cb0d817dcead7bbaafd7e058da255"},"breadcrumb":{"@id":"https:\/\/www.comena.dz\/?p=7315#breadcrumb"},"inLanguage":"fr-FR","potentialAction":[{"@type":"ReadAction","target":["https:\/\/www.comena.dz\/?p=7315"]}]},{"@type":"ImageObject","inLanguage":"fr-FR","@id":"https:\/\/www.comena.dz\/?p=7315#primaryimage","url":"https:\/\/www.comena.dz\/wp-content\/uploads\/2025\/09\/formation-post-graduee-en-radiopharmacie-comena-iagn_2-3.jpg","contentUrl":"https:\/\/www.comena.dz\/wp-content\/uploads\/2025\/09\/formation-post-graduee-en-radiopharmacie-comena-iagn_2-3.jpg","width":859,"height":483},{"@type":"BreadcrumbList","@id":"https:\/\/www.comena.dz\/?p=7315#breadcrumb","itemListElement":[{"@type":"ListItem","position":1,"name":"Accueil","item":"https:\/\/www.comena.dz\/"},{"@type":"ListItem","position":2,"name":"Lancement de la premi\u00e8re formation post-gradu\u00e9e en radiopharmacie (ann\u00e9e universitaire 2025-2026)\u00a0: Premier programme national de master professionnalisant en partenariat entre l\u2019IAGN- COMENA et la facult\u00e9 de pharmacie-universit\u00e9 des sciences de la sant\u00e9 d\u2019Alger."}]},{"@type":"WebSite","@id":"https:\/\/www.comena.dz\/#website","url":"https:\/\/www.comena.dz\/","name":"Commissariat \u00e0 l&#039;Energie Atomique","description":"","potentialAction":[{"@type":"SearchAction","target":{"@type":"EntryPoint","urlTemplate":"https:\/\/www.comena.dz\/?s={search_term_string}"},"query-input":{"@type":"PropertyValueSpecification","valueRequired":true,"valueName":"search_term_string"}}],"inLanguage":"fr-FR"},{"@type":"Person","@id":"https:\/\/www.comena.dz\/#\/schema\/person\/ce9cb0d817dcead7bbaafd7e058da255","name":"admin","image":{"@type":"ImageObject","inLanguage":"fr-FR","@id":"https:\/\/www.comena.dz\/#\/schema\/person\/image\/","url":"https:\/\/secure.gravatar.com\/avatar\/66a2eeea159bc4e5788848e909cd0a93f0047611ee8ffeefebde600e3a495234?s=96&d=mm&r=g","contentUrl":"https:\/\/secure.gravatar.com\/avatar\/66a2eeea159bc4e5788848e909cd0a93f0047611ee8ffeefebde600e3a495234?s=96&d=mm&r=g","caption":"admin"},"sameAs":["http:\/\/localhost\/comena"],"url":"https:\/\/www.comena.dz\/?author=1"}]}},"uagb_featured_image_src":{"full":["https:\/\/www.comena.dz\/wp-content\/uploads\/2025\/09\/formation-post-graduee-en-radiopharmacie-comena-iagn_2-3.jpg",859,483,false],"thumbnail":["https:\/\/www.comena.dz\/wp-content\/uploads\/2025\/09\/formation-post-graduee-en-radiopharmacie-comena-iagn_2-3-150x150.jpg",150,150,true],"medium":["https:\/\/www.comena.dz\/wp-content\/uploads\/2025\/09\/formation-post-graduee-en-radiopharmacie-comena-iagn_2-3-300x169.jpg",300,169,true],"medium_large":["https:\/\/www.comena.dz\/wp-content\/uploads\/2025\/09\/formation-post-graduee-en-radiopharmacie-comena-iagn_2-3-768x432.jpg",768,432,true],"large":["https:\/\/www.comena.dz\/wp-content\/uploads\/2025\/09\/formation-post-graduee-en-radiopharmacie-comena-iagn_2-3.jpg",859,483,false],"1536x1536":["https:\/\/www.comena.dz\/wp-content\/uploads\/2025\/09\/formation-post-graduee-en-radiopharmacie-comena-iagn_2-3.jpg",859,483,false],"2048x2048":["https:\/\/www.comena.dz\/wp-content\/uploads\/2025\/09\/formation-post-graduee-en-radiopharmacie-comena-iagn_2-3.jpg",859,483,false]},"uagb_author_info":{"display_name":"admin","author_link":"https:\/\/www.comena.dz\/?author=1"},"uagb_comment_info":0,"uagb_excerpt":"Dans le cadre de la mise en \u0153uvre de la feuille de route \u00e9labor\u00e9e par le groupe de travail intersectoriel","rttpg_featured_image_url":{"full":["https:\/\/www.comena.dz\/wp-content\/uploads\/2025\/09\/formation-post-graduee-en-radiopharmacie-comena-iagn_2-3.jpg",859,483,false],"landscape":["https:\/\/www.comena.dz\/wp-content\/uploads\/2025\/09\/formation-post-graduee-en-radiopharmacie-comena-iagn_2-3.jpg",859,483,false],"portraits":["https:\/\/www.comena.dz\/wp-content\/uploads\/2025\/09\/formation-post-graduee-en-radiopharmacie-comena-iagn_2-3.jpg",859,483,false],"thumbnail":["https:\/\/www.comena.dz\/wp-content\/uploads\/2025\/09\/formation-post-graduee-en-radiopharmacie-comena-iagn_2-3-150x150.jpg",150,150,true],"medium":["https:\/\/www.comena.dz\/wp-content\/uploads\/2025\/09\/formation-post-graduee-en-radiopharmacie-comena-iagn_2-3-300x169.jpg",300,169,true],"large":["https:\/\/www.comena.dz\/wp-content\/uploads\/2025\/09\/formation-post-graduee-en-radiopharmacie-comena-iagn_2-3.jpg",859,483,false],"1536x1536":["https:\/\/www.comena.dz\/wp-content\/uploads\/2025\/09\/formation-post-graduee-en-radiopharmacie-comena-iagn_2-3.jpg",859,483,false],"2048x2048":["https:\/\/www.comena.dz\/wp-content\/uploads\/2025\/09\/formation-post-graduee-en-radiopharmacie-comena-iagn_2-3.jpg",859,483,false]},"rttpg_author":{"display_name":"admin","author_link":"https:\/\/www.comena.dz\/?author=1"},"rttpg_comment":0,"rttpg_category":"<a href=\"https:\/\/www.comena.dz\/?cat=1\" rel=\"category\">Infos<\/a>","rttpg_excerpt":"Dans le cadre de la mise en \u0153uvre de la feuille de route \u00e9labor\u00e9e par le groupe de travail intersectoriel","_links":{"self":[{"href":"https:\/\/www.comena.dz\/index.php?rest_route=\/wp\/v2\/posts\/7315","targetHints":{"allow":["GET"]}}],"collection":[{"href":"https:\/\/www.comena.dz\/index.php?rest_route=\/wp\/v2\/posts"}],"about":[{"href":"https:\/\/www.comena.dz\/index.php?rest_route=\/wp\/v2\/types\/post"}],"author":[{"embeddable":true,"href":"https:\/\/www.comena.dz\/index.php?rest_route=\/wp\/v2\/users\/1"}],"replies":[{"embeddable":true,"href":"https:\/\/www.comena.dz\/index.php?rest_route=%2Fwp%2Fv2%2Fcomments&post=7315"}],"version-history":[{"count":2,"href":"https:\/\/www.comena.dz\/index.php?rest_route=\/wp\/v2\/posts\/7315\/revisions"}],"predecessor-version":[{"id":7339,"href":"https:\/\/www.comena.dz\/index.php?rest_route=\/wp\/v2\/posts\/7315\/revisions\/7339"}],"wp:featuredmedia":[{"embeddable":true,"href":"https:\/\/www.comena.dz\/index.php?rest_route=\/wp\/v2\/media\/7336"}],"wp:attachment":[{"href":"https:\/\/www.comena.dz\/index.php?rest_route=%2Fwp%2Fv2%2Fmedia&parent=7315"}],"wp:term":[{"taxonomy":"category","embeddable":true,"href":"https:\/\/www.comena.dz\/index.php?rest_route=%2Fwp%2Fv2%2Fcategories&post=7315"},{"taxonomy":"post_tag","embeddable":true,"href":"https:\/\/www.comena.dz\/index.php?rest_route=%2Fwp%2Fv2%2Ftags&post=7315"}],"curies":[{"name":"wp","href":"https:\/\/api.w.org\/{rel}","templated":true}]}}